[{"@context":"https:\/\/schema.org\/","@type":"Article","@id":"https:\/\/www.itech-cz.cz\/bez-leseni-by-to-neslo\/#Article","mainEntityOfPage":"https:\/\/www.itech-cz.cz\/bez-leseni-by-to-neslo\/","headline":"Bez le\u0161en\u00ed by to ne\u0161lo","name":"Bez le\u0161en\u00ed by to ne\u0161lo","description":"Kdy\u017e se pozorn\u011b zad\u00edv\u00e1te na n\u011bkter\u00fd ze st\u0159edov\u011bk\u00fdch hrad\u016f, nap\u0159\u00edklad na velmi vysokou v\u00e1lcovou v\u011b\u017e hradu Koko\u0159\u00edn, mo\u017en\u00e1 v\u00e1s tak\u00e9 napadne, jak asi prob\u00edhala jej\u00ed v\u00fdstavba, v t\u00e9 dob\u011b s primitivn\u00edmi stavebn\u00edmi pom\u016fckami a n\u00e1\u0159ad\u00edm. Pova\u017ete, \u017ee v\u011b\u017e hradu Koko\u0159\u00edn je vysok\u00e1 \u00factyhodn\u00fdch 38 metr\u016f, to p\u0159ibli\u017en\u011b odpov\u00edd\u00e1 v\u00fd\u0161ce t\u0159in\u00e1cti","datePublished":"2024-12-14","dateModified":"2024-12-14","author":{"@type":"Person","@id":"https:\/\/www.itech-cz.cz\/author\/#Person","name":"","url":"https:\/\/www.itech-cz.cz\/author\/","identifier":1,"image":{"@type":"ImageObject","@id":"https:\/\/secure.gravatar.com\/avatar\/6eaf701939e92690bed32d6f2e2c0f9e1355f2e3837c1fb45fbfacf848239e2d?s=96&d=mm&r=g","url":"https:\/\/secure.gravatar.com\/avatar\/6eaf701939e92690bed32d6f2e2c0f9e1355f2e3837c1fb45fbfacf848239e2d?s=96&d=mm&r=g","height":96,"width":96}},"publisher":{"@type":"Organization","name":"itech-cz.cz","logo":{"@type":"ImageObject","@id":"\/logo.png","url":"\/logo.png","width":600,"height":60}},"image":{"@type":"ImageObject","@id":"https:\/\/www.itech-cz.cz\/wp-content\/uploads\/framework-2710841_640_9.jpg","url":"https:\/\/www.itech-cz.cz\/wp-content\/uploads\/framework-2710841_640_9.jpg","height":0,"width":0},"url":"https:\/\/www.itech-cz.cz\/bez-leseni-by-to-neslo\/","about":["N\u00e1kupy"],"wordCount":441,"articleBody":"       Kdy\u017e se pozorn\u011b zad\u00edv\u00e1te na n\u011bkter\u00fd ze st\u0159edov\u011bk\u00fdch hrad\u016f, nap\u0159\u00edklad na velmi vysokou v\u00e1lcovou v\u011b\u017e hradu Koko\u0159\u00edn, mo\u017en\u00e1 v\u00e1s tak\u00e9 napadne, jak asi prob\u00edhala jej\u00ed v\u00fdstavba, v t\u00e9 dob\u011b s primitivn\u00edmi stavebn\u00edmi pom\u016fckami a n\u00e1\u0159ad\u00edm. Pova\u017ete, \u017ee v\u011b\u017e hradu Koko\u0159\u00edn je vysok\u00e1 \u00factyhodn\u00fdch 38 metr\u016f, to p\u0159ibli\u017en\u011b odpov\u00edd\u00e1 v\u00fd\u0161ce t\u0159in\u00e1cti podla\u017en\u00edho panel\u00e1ku, a zaj\u00edmav\u00e9 je i to, \u017ee hradn\u00ed v\u011b\u017e p\u0159e\u017eila n\u011bkolik stolet\u00ed a m\u016f\u017eeme se z jej\u00edho vrcholov\u00e9ho ochozu pokochat kr\u00e1sou okoln\u00ed p\u0159\u00edrody. K v\u00fdstavb\u011b hradn\u00ed v\u011b\u017ee bylo zapot\u0159eb\u00ed le\u0161en\u00ed, tehdy pochopiteln\u011b d\u0159ev\u011bn\u00e9, ale ka\u017edop\u00e1dn\u011b bez le\u0161en\u00ed by to ne\u0161lo. Stav\u011bt hradn\u00ed v\u011b\u017e a dal\u0161\u00ed hradn\u00ed prostory bez le\u0161en\u00ed je prakticky vylou\u010deno a zamysl\u00edte-li se nad t\u00edm v\u00edce do hloubky, zjist\u00edte, \u017ee le\u0161en\u00ed je vlastn\u011b z\u00e1kladn\u00ed stavebn\u00ed pom\u016fckou pro v\u011bt\u0161inu stavebn\u00edch konstrukc\u00ed. To je tak\u00e9 jedn\u00edm z d\u016fvod\u016f, pro\u010d existuj\u00ed p\u016fj\u010dovny le\u0161en\u00ed v Praze i v jin\u00fdch m\u011bstech, a pro\u010d je mo\u017en\u00e9 le\u0161en\u00ed vyu\u017e\u00edvat na mnoha m\u00edstech v republice prakticky po cel\u00fd rok. S pron\u00e1jmem le\u0161en\u00ed z Prahy je to podobn\u00e9, jako s pron\u00e1jmem n\u011bkter\u00e9ho specifick\u00e9ho n\u00e1\u0159ad\u00ed, n\u011bkdy se v\u00e1m zkr\u00e1tka nevyplat\u00ed le\u0161en\u00ed nakupovat, nap\u0159\u00edklad pro jednor\u00e1zovou akci, kdy v\u00edte, \u017ee byste le\u0161en\u00ed na nic jin\u00e9ho v bl\u00edzk\u00e9 budoucnosti nepou\u017eili, a museli byste se jej pak pracn\u011b zbavit p\u0159es bazar.P\u016fj\u010dovna le\u0161en\u00ed je v\u00e1m n\u00e1pomocn\u00e1 nap\u0159\u00edklad p\u0159i zateplov\u00e1n\u00ed fas\u00e1dy, p\u0159\u00edstavb\u011b (zv\u00fd\u0161en\u00ed domu o jedno patro), p\u0159i v\u00fdm\u011bn\u011b st\u0159e\u0161n\u00ed krytiny a dal\u0161\u00edch stavebn\u00edch prac\u00edch v r\u00e1mci v\u00fdstavby \u010di revitalizace objektu. Le\u0161en\u00ed si m\u016f\u017eete postavit sami, ale existuje i mo\u017enost, \u017ee mont\u00e1\u017e le\u0161en\u00ed provede firma, co le\u0161en\u00ed pronaj\u00edm\u00e1. Ten druh\u00fd p\u0159\u00edpad je v\u00fdhodn\u011bj\u0161\u00ed zejm\u00e9na v situac\u00edch, kdy jste le\u0161en\u00ed dosud nestav\u011bli, a nem\u00e1te pot\u0159ebn\u00e9 znalosti a zku\u0161enosti. V pr\u016fb\u011bhu mont\u00e1\u017ee le\u0161en\u00ed m\u016f\u017ee doj\u00edt i k nebezpe\u010dn\u00fdm situac\u00edm, nap\u0159\u00edklad k p\u00e1du osob z le\u0161en\u00ed, anebo ke z\u0159\u00edcen\u00ed cel\u00e9 konstrukce, nen\u00ed-li dostate\u010dn\u011b zaji\u0161t\u011bna kotvic\u00edm syst\u00e9mem.                                                                                                                                                                                                                                                                                                                                                                                           3.6\/5 - (8 votes)        "},{"@context":"https:\/\/schema.org\/","@type":"BreadcrumbList","itemListElement":[{"@type":"ListItem","position":1,"name":"Bez le\u0161en\u00ed by to ne\u0161lo","item":"https:\/\/www.itech-cz.cz\/bez-leseni-by-to-neslo\/#breadcrumbitem"}]}]