[{"@context":"https:\/\/schema.org\/","@type":"Article","@id":"https:\/\/www.itech-cz.cz\/vydejme-se-za-krasou-rima\/#Article","mainEntityOfPage":"https:\/\/www.itech-cz.cz\/vydejme-se-za-krasou-rima\/","headline":"Vydejme se za kr\u00e1sou \u0158\u00edma","name":"Vydejme se za kr\u00e1sou \u0158\u00edma","description":"\u0158\u00edm (Roma) je hlavn\u00edm m\u011bstem It\u00e1lie a le\u017e\u00ed na \u0159ece Tibe\u0159e asi 27 kilometr\u016f od pob\u0159e\u017e\u00ed St\u0159edozemn\u00edho mo\u0159e. Je to m\u011bsto, kter\u00e9 je mimo\u0159\u00e1dn\u011b bohat\u00e9 na kulturn\u00ed a historick\u00e9 pam\u00e1tky a je tak\u00e9 jedno z nejstar\u0161\u00edch evropsk\u00fdch m\u011bst. Na \u00fazem\u00ed m\u011bsta le\u017e\u00ed tak\u00e9 samotn\u00fd Vatik\u00e1n (s\u00eddlo pape\u017ee). \u00a0 Kultura a","datePublished":"2018-02-07","dateModified":"2023-05-05","author":{"@type":"Person","@id":"https:\/\/www.itech-cz.cz\/author\/#Person","name":"","url":"https:\/\/www.itech-cz.cz\/author\/","identifier":1,"image":{"@type":"ImageObject","@id":"https:\/\/secure.gravatar.com\/avatar\/6eaf701939e92690bed32d6f2e2c0f9e1355f2e3837c1fb45fbfacf848239e2d?s=96&d=mm&r=g","url":"https:\/\/secure.gravatar.com\/avatar\/6eaf701939e92690bed32d6f2e2c0f9e1355f2e3837c1fb45fbfacf848239e2d?s=96&d=mm&r=g","height":96,"width":96}},"publisher":{"@type":"Organization","name":"itech-cz.cz","logo":{"@type":"ImageObject","@id":"\/logo.png","url":"\/logo.png","width":600,"height":60}},"image":{"@type":"ImageObject","@id":"https:\/\/www.itech-cz.cz\/wp-content\/uploads\/img_a312076_w2577_t1523126699.jpg","url":"https:\/\/www.itech-cz.cz\/wp-content\/uploads\/img_a312076_w2577_t1523126699.jpg","height":0,"width":0},"url":"https:\/\/www.itech-cz.cz\/vydejme-se-za-krasou-rima\/","about":["Vzd\u011bl\u00e1n\u00ed"],"wordCount":484,"articleBody":"\u0158\u00edm (Roma) je hlavn\u00edm m\u011bstem It\u00e1lie a le\u017e\u00ed na \u0159ece Tibe\u0159e asi 27 kilometr\u016f od pob\u0159e\u017e\u00ed St\u0159edozemn\u00edho mo\u0159e. Je to m\u011bsto, kter\u00e9 je mimo\u0159\u00e1dn\u011b bohat\u00e9 na kulturn\u00ed a historick\u00e9 pam\u00e1tky a je tak\u00e9 jedno z nejstar\u0161\u00edch evropsk\u00fdch m\u011bst. Na \u00fazem\u00ed m\u011bsta le\u017e\u00ed tak\u00e9 samotn\u00fd Vatik\u00e1n (s\u00eddlo pape\u017ee).\t\u00a0\tKultura a historie\t\u00a0\tNyn\u00ed se pod\u00edv\u00e1me na to, jak\u00e9 pam\u00e1tky n\u00e1m \u0158\u00edm nab\u00edz\u00ed. Ur\u010dit\u011b nejzn\u00e1m\u011bj\u0161\u00edm je Koloseum (bylo vyu\u017e\u00edv\u00e1no pro gladi\u00e1torsk\u00e9 z\u00e1pasy, z\u00e1pasy se zv\u011b\u0159\u00ed i popravy). Mezi dal\u0161\u00ed pam\u00e1tky pat\u0159\u00ed: Sixtinsk\u00e1 kaple (m\u016f\u017eete zde obdivovat kr\u00e1sn\u00e9 n\u00e1st\u011bnn\u00e9 a stropn\u00ed fresky, kter\u00e9 jsou pova\u017eov\u00e1ny za vrchol renesan\u010dn\u00edho um\u011bn\u00ed), Bazilika svat\u00e9ho Petra (jedna ze \u010dty\u0159 \u0159\u00edmsk\u00fdch pape\u017esk\u00fdch velk\u00fdch bazilik a jeden z nejv\u011bt\u0161\u00edch kostel\u016f na sv\u011bt\u011b), Font\u00e1na di Trevi (zde v\u00e9vod\u00ed socha Neptuna a pod n\u00edm se nach\u00e1z\u00ed dva tritoni), Forum Romanum (bylo m\u00edstem slavnost\u00ed, soud\u016f, voleb, politick\u00fdch shrom\u00e1\u017ed\u011bn\u00ed i trh\u016f, byly zde sly\u0161et i \u010dast\u00e9 projevy \u0159e\u010dn\u00edk\u016f &#8211; Cicera nebo Marka Antonia), And\u011blsk\u00fd hrad (je dnes zn\u00e1m\u00e9 muzeum zam\u011b\u0159en\u00e9 na historii \u0158\u00edma), Piazza Navona (je n\u00e1m\u011bst\u00ed postaven\u00e9 v barokn\u00edm stylu, je um\u00edst\u011bno asi 200 metr\u016f od Pantheonu a rozhodn\u011b stoj\u00ed za n\u00e1v\u0161t\u011bvu), Piazza Farnese (zde se nach\u00e1z\u00ed renesan\u010dn\u00ed budova Palazzo Farnese a tak\u00e9 \u0161v\u00e9dsk\u00fd n\u00e1rodn\u00ed kostel Santa Brigida). Nach\u00e1z\u00ed se zde mnoho dal\u0161\u00edch pam\u00e1tek, kter\u00e9 ur\u010dit\u011b stoj\u00ed za n\u00e1v\u0161t\u011bvu a lze tak str\u00e1vit kr\u00e1sn\u00e9 dny pln\u00e9 kultury a z\u00e1\u017eitk\u016f.\t\tUbytov\u00e1n\u00ed v \u0158\u00edm\u011b\t\u00a0\tUbytovat se lze samoz\u0159ejm\u011b v hotelu, hostelu nebo jednom luxusn\u00edch hotel\u016f. Nejlevn\u011bj\u0161\u00ed variantou je ubytovat se ve studentsk\u00e9m hostelu nebo hotelu (zde samoz\u0159ejm\u011b mus\u00edte po\u010d\u00edtat s t\u00edm, \u017ee budete pokoj sd\u00edlet se studenty). V hostelech se d\u00e1 setkat i samostatn\u00e9 ubytov\u00e1n\u00ed zhruba za 500 K\u010d za noc bl\u00edzko Kolosea. Rozhodn\u011b m\u016f\u017eete vyu\u017e\u00edt i n\u011bjak\u00e9ho internetov\u00e9ho vyhled\u00e1va\u010de pro vyhled\u00e1n\u00ed nejlep\u0161\u00edho ubytov\u00e1n\u00ed v \u0158\u00edm\u011b. N\u00e1sledn\u00e1 rezervace ji\u017e prob\u00edh\u00e1 on-line.\t\u00a0\t\u0158\u00edm je n\u00e1dhern\u00e9 m\u011bsto, kter\u00e9 je kr\u00e1sn\u00e9 i ve\u010der. M\u016f\u017eete se proch\u00e1zet po rozz\u00e1\u0159en\u00e9m m\u011bst\u011b s osv\u011btlen\u00fdmi pam\u00e1tkami a sednout si na k\u00e1vu a kochat se kr\u00e1sn\u00fdm pohledem. Nas\u00e1vat \u00fa\u017easnou atmosf\u00e9ru toho m\u011bsta. Nev\u00e1hejte a je\u010fte sem na dovolenou. Jsou to investovan\u00e9 pen\u00edze do va\u0161eho odpo\u010dinku a z\u00edsk\u00e1te i nov\u00e9 z\u00e1\u017eitky. T\u0159eba zde najdete i nov\u00e9 kamar\u00e1dy. P\u0159eji kr\u00e1snou dovolenou!                                                                                                                                                                                                                                                                                                                                                                                        4.3\/5 - (9 votes)        "},{"@context":"https:\/\/schema.org\/","@type":"BreadcrumbList","itemListElement":[{"@type":"ListItem","position":1,"name":"Vydejme se za kr\u00e1sou \u0158\u00edma","item":"https:\/\/www.itech-cz.cz\/vydejme-se-za-krasou-rima\/#breadcrumbitem"}]}]